{"id":43560,"date":"2026-04-30T09:27:57","date_gmt":"2026-04-30T09:27:57","guid":{"rendered":"https:\/\/egm.es\/institut-francais"},"modified":"2026-04-30T10:15:03","modified_gmt":"2026-04-30T10:15:03","slug":"institut-francais","status":"publish","type":"post","link":"http:\/\/www.egm.es\/ca\/institut-francais","title":{"rendered":"INSTITUT FRAN\u00c7AIS"},"content":{"rendered":"\n<p class=\"has-large-font-size\">Terra, pedra i fibres vegetals<\/p>\n\n<p style=\"font-size:17px\">L&#8217; <a href=\"https:\/\/www.institutfrancais.es\/barcelona\/\"><strong>Institut Fran\u00e7ais<\/strong><\/a> presenta <em>Mat\u00e8ria<\/em>. Concebuda pel Pavillon de l&#8217;Arsenal en col\u00b7laboraci\u00f3 amb Les Grands Ateliers, am\u00e0co i Les Compagnons du Devoir, l&#8217;exposici\u00f3 <em>Mat\u00e8ria<\/em> est\u00e0 dedicada a les arquitectures contempor\u00e0nies a terra, pedra i fibres vegetals. <\/p>\n\n<figure class=\"wp-block-image size-large\"><img decoding=\"async\" src=\"http:\/\/egm.es\/wp-content\/uploads\/2026\/04\/materia-11-&#xA9;-olga-planas-1024x673.jpg\" alt=\"\" class=\"wp-image-43535\"\/><\/figure>\n\n<p>El seu objectiu \u00e9s posar en valor les propietats est\u00e8tiques, els avantatges constructius i els beneficis ambientals de 19 de les 40 ecoconstruccions seleccionades en el marc del premi Materia Award.<\/p>\n\n<figure class=\"wp-block-image size-large\"><img decoding=\"async\" src=\"http:\/\/egm.es\/wp-content\/uploads\/2026\/04\/MATERIA-05-&#xA9;-OLGA-PLANAS-1024x710.jpg\" alt=\"\" class=\"wp-image-43517\"\/><\/figure>\n\n<figure class=\"wp-block-image size-large\"><img decoding=\"async\" src=\"http:\/\/egm.es\/wp-content\/uploads\/2026\/04\/MATERIA-06-&#xA9;-OLGA-PLANAS-1024x650.jpg\" alt=\"\" class=\"wp-image-43520\"\/><\/figure>\n\n<figure class=\"wp-block-image size-large\"><img decoding=\"async\" src=\"http:\/\/egm.es\/wp-content\/uploads\/2026\/04\/materia-03-&#xA9;-olga-planas-1024x768.jpg\" alt=\"\" class=\"wp-image-43511\"\/><\/figure>\n\n<p><em>Mat\u00e8ria<\/em> reflecteix la voluntat de destacar projectes de rehabilitaci\u00f3 exemplars, subratllant la complementarietat dels materials.  <\/p>\n\n<figure class=\"wp-block-image size-full\"><img decoding=\"async\" src=\"http:\/\/egm.es\/wp-content\/uploads\/2026\/04\/materia-09-&#xA9;-olga-planas.jpg\" alt=\"\" class=\"wp-image-43529\"\/><\/figure>\n\n<p>Pret\u00e9n afavorir el reconeixement d&#8217;aquests edificis tant per part de la professi\u00f3 com del gran p\u00fablic, destacant-ne el coratge dels promotors, la creativitat dels dissenyadors i el saber fer dels artesans i constructors.  <\/p>\n\n<figure class=\"wp-block-image size-large\"><img decoding=\"async\" src=\"http:\/\/egm.es\/wp-content\/uploads\/2026\/04\/materia-01-&#xA9;-olga-planas-1-1024x768.jpg\" alt=\"\" class=\"wp-image-43542\"\/><\/figure>\n\n<p>En definitiva, es tracta d&#8217;una exposici\u00f3 concebuda per celebrar la diversitat material i la creativitat col\u00b7lectiva dels actors compromesos amb una construcci\u00f3 s\u00f2bria i sostenible.<\/p>\n\n<figure class=\"wp-block-image size-large\"><img decoding=\"async\" src=\"http:\/\/egm.es\/wp-content\/uploads\/2026\/04\/MATERIA-04-&#xA9;-OLGA-PLANAS-1024x687.jpg\" alt=\"\" class=\"wp-image-43514\"\/><\/figure>\n\n<p>Organitzada per l&#8217; <strong><a href=\"https:\/\/www.institutfrancais.es\/barcelona\/\">Institut fran\u00e7ais<\/a><\/strong> de Barcelona i coprodu\u00efda pel Pavillon de l&#8217;Arsenal, les Grands Ateliers, am\u00e0co i les Compagnons du Devoir, l&#8217;exposici\u00f3 es podr\u00e0 visitar a la galeria de l&#8217;Institut.<\/p>\n\n<p><\/p>\n\n<p><\/p>\n\n<p><\/p>\n\n<p>En exposici\u00f3 fins al <strong>7 de juliol del 2026<\/strong> <\/p>\n\n<p>A <a href=\"http:\/\/egm.es\/ca\"><strong>EGM<\/strong><\/a> hem <strong>produ\u00eft i instal\u00b7lat tota la gr\u00e0fica expositiva<\/strong> . All made by <strong><a href=\"http:\/\/egm.es\/ca\">EGM<\/a><\/strong><\/p>\n\n<p>Fotografies \u00a9<a href=\"https:\/\/www.instagram.com\/olgaplanas\/\"><strong><\/strong><\/a> <strong><a href=\"http:\/\/olgaplanas.com\" type=\"link\" id=\"olgaplanas.com\"><\/a>Olga Planas<\/strong><\/p>\n\n<p><\/p>\n\n<p><\/p>\n\n<p><\/p>\n\n<p><\/p>\n\n<p><\/p>\n\n<p><\/p>\n","protected":false},"excerpt":{"rendered":"<p>Terra, pedra i fibres vegetals L&#8217; Institut Fran\u00e7ais presenta Mat\u00e8ria. Concebuda pel Pavillon de l&#8217;Arsenal en col\u00b7laboraci\u00f3 amb Les Grands Ateliers, am\u00e0co i Les Compagnons du Devoir, l&#8217;exposici\u00f3 Mat\u00e8ria est\u00e0 dedicada a les arquitectures contempor\u00e0nies a terra, pedra i fibres vegetals. El seu objectiu \u00e9s posar en valor les propietats est\u00e8tiques, els avantatges constructius i [&#8230;]\n","protected":false},"author":3,"featured_media":43524,"comment_status":"open","ping_status":"open","sticky":false,"template":"","format":"standard","meta":{"footnotes":""},"categories":[149,161],"tags":[150,160,151,152],"class_list":["post-43560","post","type-post","status-publish","format-standard","has-post-thumbnail","hentry","category-actualitat","category-esdeveniments-expos-2","tag-actualitat","tag-digital-printing","tag-esdeveniments-expos","tag-grafica-expositiva"],"yoast_head":"<!-- This site is optimized with the Yoast SEO plugin v27.5 - https:\/\/yoast.com\/product\/yoast-seo-wordpress\/ -->\n<title>INSTITUT FRAN\u00c7AIS - EGM<\/title>\n<meta name=\"description\" content=\"L&#039;Institut Fran\u00e7ais presenta Mat\u00e8ria. Concebuda pel Pavillon de l&#039;Arsenal en col\u00b7laboraci\u00f3 amb Les Grands Ateliers, am\u00e0co i Les Compagnons du Devoir, l&#039;exposici\u00f3 Mat\u00e8ria est\u00e0 dedicada a les arquitectures contempor\u00e0nies a terra, pedra i fibres vegetals.\" \/>\n<meta name=\"robots\" content=\"index, follow, max-snippet:-1, max-image-preview:large, max-video-preview:-1\" \/>\n<link rel=\"canonical\" href=\"http:\/\/www.egm.es\/ca\/institut-francais\" \/>\n<meta property=\"og:locale\" content=\"ca_ES\" \/>\n<meta property=\"og:type\" content=\"article\" \/>\n<meta property=\"og:title\" content=\"INSTITUT FRAN\u00c7AIS - EGM\" \/>\n<meta property=\"og:description\" content=\"L&#039;Institut Fran\u00e7ais presenta Mat\u00e8ria. Concebuda pel Pavillon de l&#039;Arsenal en col\u00b7laboraci\u00f3 amb Les Grands Ateliers, am\u00e0co i Les Compagnons du Devoir, l&#039;exposici\u00f3 Mat\u00e8ria est\u00e0 dedicada a les arquitectures contempor\u00e0nies a terra, pedra i fibres vegetals.\" \/>\n<meta property=\"og:url\" content=\"http:\/\/www.egm.es\/ca\/institut-francais\" \/>\n<meta property=\"og:site_name\" content=\"EGM\" \/>\n<meta property=\"article:published_time\" content=\"2026-04-30T09:27:57+00:00\" \/>\n<meta property=\"article:modified_time\" content=\"2026-04-30T10:15:03+00:00\" \/>\n<meta property=\"og:image\" content=\"https:\/\/egm.es\/wp-content\/uploads\/2026\/04\/materia-07-\u00a9-olga-planas.jpg\" \/>\n\t<meta property=\"og:image:width\" content=\"1500\" \/>\n\t<meta property=\"og:image:height\" content=\"886\" \/>\n\t<meta property=\"og:image:type\" content=\"image\/jpeg\" \/>\n<meta name=\"author\" content=\"redes\" \/>\n<meta name=\"twitter:card\" content=\"summary_large_image\" \/>\n<meta name=\"twitter:label1\" content=\"Escrit per\" \/>\n\t<meta name=\"twitter:data1\" content=\"redes\" \/>\n\t<meta name=\"twitter:label2\" content=\"Temps estimat de lectura\" \/>\n\t<meta name=\"twitter:data2\" content=\"1 minut\" \/>\n<script type=\"application\/ld+json\" class=\"yoast-schema-graph\">{\"@context\":\"https:\\\/\\\/schema.org\",\"@graph\":[{\"@type\":\"Article\",\"@id\":\"http:\\\/\\\/www.egm.es\\\/ca\\\/institut-francais#article\",\"isPartOf\":{\"@id\":\"http:\\\/\\\/www.egm.es\\\/ca\\\/institut-francais\"},\"author\":{\"name\":\"redes\",\"@id\":\"https:\\\/\\\/egm.es\\\/#\\\/schema\\\/person\\\/75ba985cea89a739839231dce8cceadc\"},\"headline\":\"INSTITUT FRAN\u00c7AIS\",\"datePublished\":\"2026-04-30T09:27:57+00:00\",\"dateModified\":\"2026-04-30T10:15:03+00:00\",\"mainEntityOfPage\":{\"@id\":\"http:\\\/\\\/www.egm.es\\\/ca\\\/institut-francais\"},\"wordCount\":226,\"commentCount\":0,\"image\":{\"@id\":\"http:\\\/\\\/www.egm.es\\\/ca\\\/institut-francais#primaryimage\"},\"thumbnailUrl\":\"http:\\\/\\\/www.egm.es\\\/wp-content\\\/uploads\\\/2026\\\/04\\\/materia-07-\u00a9-olga-planas.jpg\",\"keywords\":[\"Actualitat\",\"Digital Printing\",\"Esdeveniments &amp; Expos\",\"Gr\u00e0fica expositiva\"],\"articleSection\":[\"Actualitat\",\"Esdeveniments &amp; Expos\"],\"inLanguage\":\"ca\",\"potentialAction\":[{\"@type\":\"CommentAction\",\"name\":\"Comment\",\"target\":[\"http:\\\/\\\/www.egm.es\\\/ca\\\/institut-francais#respond\"]}]},{\"@type\":\"WebPage\",\"@id\":\"http:\\\/\\\/www.egm.es\\\/ca\\\/institut-francais\",\"url\":\"http:\\\/\\\/www.egm.es\\\/ca\\\/institut-francais\",\"name\":\"INSTITUT FRAN\u00c7AIS - EGM\",\"isPartOf\":{\"@id\":\"https:\\\/\\\/egm.es\\\/#website\"},\"primaryImageOfPage\":{\"@id\":\"http:\\\/\\\/www.egm.es\\\/ca\\\/institut-francais#primaryimage\"},\"image\":{\"@id\":\"http:\\\/\\\/www.egm.es\\\/ca\\\/institut-francais#primaryimage\"},\"thumbnailUrl\":\"http:\\\/\\\/www.egm.es\\\/wp-content\\\/uploads\\\/2026\\\/04\\\/materia-07-\u00a9-olga-planas.jpg\",\"datePublished\":\"2026-04-30T09:27:57+00:00\",\"dateModified\":\"2026-04-30T10:15:03+00:00\",\"author\":{\"@id\":\"https:\\\/\\\/egm.es\\\/#\\\/schema\\\/person\\\/75ba985cea89a739839231dce8cceadc\"},\"description\":\"L'Institut Fran\u00e7ais presenta Mat\u00e8ria. Concebuda pel Pavillon de l'Arsenal en col\u00b7laboraci\u00f3 amb Les Grands Ateliers, am\u00e0co i Les Compagnons du Devoir, l'exposici\u00f3 Mat\u00e8ria est\u00e0 dedicada a les arquitectures contempor\u00e0nies a terra, pedra i fibres vegetals.\",\"breadcrumb\":{\"@id\":\"http:\\\/\\\/www.egm.es\\\/ca\\\/institut-francais#breadcrumb\"},\"inLanguage\":\"ca\",\"potentialAction\":[{\"@type\":\"ReadAction\",\"target\":[\"http:\\\/\\\/www.egm.es\\\/ca\\\/institut-francais\"]}]},{\"@type\":\"ImageObject\",\"inLanguage\":\"ca\",\"@id\":\"http:\\\/\\\/www.egm.es\\\/ca\\\/institut-francais#primaryimage\",\"url\":\"http:\\\/\\\/www.egm.es\\\/wp-content\\\/uploads\\\/2026\\\/04\\\/materia-07-\u00a9-olga-planas.jpg\",\"contentUrl\":\"http:\\\/\\\/www.egm.es\\\/wp-content\\\/uploads\\\/2026\\\/04\\\/materia-07-\u00a9-olga-planas.jpg\",\"width\":1500,\"height\":886},{\"@type\":\"BreadcrumbList\",\"@id\":\"http:\\\/\\\/www.egm.es\\\/ca\\\/institut-francais#breadcrumb\",\"itemListElement\":[{\"@type\":\"ListItem\",\"position\":1,\"name\":\"Portada\",\"item\":\"https:\\\/\\\/www2.egm.es\\\/ca\"},{\"@type\":\"ListItem\",\"position\":2,\"name\":\"INSTITUT FRAN\u00c7AIS\"}]},{\"@type\":\"WebSite\",\"@id\":\"https:\\\/\\\/egm.es\\\/#website\",\"url\":\"https:\\\/\\\/egm.es\\\/\",\"name\":\"EGM\",\"description\":\"Counicaci\u00f3n visual\",\"potentialAction\":[{\"@type\":\"SearchAction\",\"target\":{\"@type\":\"EntryPoint\",\"urlTemplate\":\"https:\\\/\\\/egm.es\\\/?s={search_term_string}\"},\"query-input\":{\"@type\":\"PropertyValueSpecification\",\"valueRequired\":true,\"valueName\":\"search_term_string\"}}],\"inLanguage\":\"ca\"},{\"@type\":\"Person\",\"@id\":\"https:\\\/\\\/egm.es\\\/#\\\/schema\\\/person\\\/75ba985cea89a739839231dce8cceadc\",\"name\":\"redes\",\"image\":{\"@type\":\"ImageObject\",\"inLanguage\":\"ca\",\"@id\":\"https:\\\/\\\/secure.gravatar.com\\\/avatar\\\/1ad9711b88a73273660275785009561ed0621301b35d948432b8a104091e70e7?s=96&d=mm&r=g\",\"url\":\"https:\\\/\\\/secure.gravatar.com\\\/avatar\\\/1ad9711b88a73273660275785009561ed0621301b35d948432b8a104091e70e7?s=96&d=mm&r=g\",\"contentUrl\":\"https:\\\/\\\/secure.gravatar.com\\\/avatar\\\/1ad9711b88a73273660275785009561ed0621301b35d948432b8a104091e70e7?s=96&d=mm&r=g\",\"caption\":\"redes\"},\"url\":\"http:\\\/\\\/www.egm.es\\\/ca\\\/author\\\/redes\"}]}<\/script>\n<!-- \/ Yoast SEO plugin. -->","yoast_head_json":{"title":"INSTITUT FRAN\u00c7AIS - EGM","description":"L'Institut Fran\u00e7ais presenta Mat\u00e8ria. Concebuda pel Pavillon de l'Arsenal en col\u00b7laboraci\u00f3 amb Les Grands Ateliers, am\u00e0co i Les Compagnons du Devoir, l'exposici\u00f3 Mat\u00e8ria est\u00e0 dedicada a les arquitectures contempor\u00e0nies a terra, pedra i fibres vegetals.","robots":{"index":"index","follow":"follow","max-snippet":"max-snippet:-1","max-image-preview":"max-image-preview:large","max-video-preview":"max-video-preview:-1"},"canonical":"http:\/\/www.egm.es\/ca\/institut-francais","og_locale":"ca_ES","og_type":"article","og_title":"INSTITUT FRAN\u00c7AIS - EGM","og_description":"L'Institut Fran\u00e7ais presenta Mat\u00e8ria. Concebuda pel Pavillon de l'Arsenal en col\u00b7laboraci\u00f3 amb Les Grands Ateliers, am\u00e0co i Les Compagnons du Devoir, l'exposici\u00f3 Mat\u00e8ria est\u00e0 dedicada a les arquitectures contempor\u00e0nies a terra, pedra i fibres vegetals.","og_url":"http:\/\/www.egm.es\/ca\/institut-francais","og_site_name":"EGM","article_published_time":"2026-04-30T09:27:57+00:00","article_modified_time":"2026-04-30T10:15:03+00:00","og_image":[{"width":1500,"height":886,"url":"https:\/\/egm.es\/wp-content\/uploads\/2026\/04\/materia-07-\u00a9-olga-planas.jpg","type":"image\/jpeg"}],"author":"redes","twitter_card":"summary_large_image","twitter_misc":{"Escrit per":"redes","Temps estimat de lectura":"1 minut"},"schema":{"@context":"https:\/\/schema.org","@graph":[{"@type":"Article","@id":"http:\/\/www.egm.es\/ca\/institut-francais#article","isPartOf":{"@id":"http:\/\/www.egm.es\/ca\/institut-francais"},"author":{"name":"redes","@id":"https:\/\/egm.es\/#\/schema\/person\/75ba985cea89a739839231dce8cceadc"},"headline":"INSTITUT FRAN\u00c7AIS","datePublished":"2026-04-30T09:27:57+00:00","dateModified":"2026-04-30T10:15:03+00:00","mainEntityOfPage":{"@id":"http:\/\/www.egm.es\/ca\/institut-francais"},"wordCount":226,"commentCount":0,"image":{"@id":"http:\/\/www.egm.es\/ca\/institut-francais#primaryimage"},"thumbnailUrl":"http:\/\/www.egm.es\/wp-content\/uploads\/2026\/04\/materia-07-\u00a9-olga-planas.jpg","keywords":["Actualitat","Digital Printing","Esdeveniments &amp; Expos","Gr\u00e0fica expositiva"],"articleSection":["Actualitat","Esdeveniments &amp; Expos"],"inLanguage":"ca","potentialAction":[{"@type":"CommentAction","name":"Comment","target":["http:\/\/www.egm.es\/ca\/institut-francais#respond"]}]},{"@type":"WebPage","@id":"http:\/\/www.egm.es\/ca\/institut-francais","url":"http:\/\/www.egm.es\/ca\/institut-francais","name":"INSTITUT FRAN\u00c7AIS - EGM","isPartOf":{"@id":"https:\/\/egm.es\/#website"},"primaryImageOfPage":{"@id":"http:\/\/www.egm.es\/ca\/institut-francais#primaryimage"},"image":{"@id":"http:\/\/www.egm.es\/ca\/institut-francais#primaryimage"},"thumbnailUrl":"http:\/\/www.egm.es\/wp-content\/uploads\/2026\/04\/materia-07-\u00a9-olga-planas.jpg","datePublished":"2026-04-30T09:27:57+00:00","dateModified":"2026-04-30T10:15:03+00:00","author":{"@id":"https:\/\/egm.es\/#\/schema\/person\/75ba985cea89a739839231dce8cceadc"},"description":"L'Institut Fran\u00e7ais presenta Mat\u00e8ria. Concebuda pel Pavillon de l'Arsenal en col\u00b7laboraci\u00f3 amb Les Grands Ateliers, am\u00e0co i Les Compagnons du Devoir, l'exposici\u00f3 Mat\u00e8ria est\u00e0 dedicada a les arquitectures contempor\u00e0nies a terra, pedra i fibres vegetals.","breadcrumb":{"@id":"http:\/\/www.egm.es\/ca\/institut-francais#breadcrumb"},"inLanguage":"ca","potentialAction":[{"@type":"ReadAction","target":["http:\/\/www.egm.es\/ca\/institut-francais"]}]},{"@type":"ImageObject","inLanguage":"ca","@id":"http:\/\/www.egm.es\/ca\/institut-francais#primaryimage","url":"http:\/\/www.egm.es\/wp-content\/uploads\/2026\/04\/materia-07-\u00a9-olga-planas.jpg","contentUrl":"http:\/\/www.egm.es\/wp-content\/uploads\/2026\/04\/materia-07-\u00a9-olga-planas.jpg","width":1500,"height":886},{"@type":"BreadcrumbList","@id":"http:\/\/www.egm.es\/ca\/institut-francais#breadcrumb","itemListElement":[{"@type":"ListItem","position":1,"name":"Portada","item":"https:\/\/www2.egm.es\/ca"},{"@type":"ListItem","position":2,"name":"INSTITUT FRAN\u00c7AIS"}]},{"@type":"WebSite","@id":"https:\/\/egm.es\/#website","url":"https:\/\/egm.es\/","name":"EGM","description":"Counicaci\u00f3n visual","potentialAction":[{"@type":"SearchAction","target":{"@type":"EntryPoint","urlTemplate":"https:\/\/egm.es\/?s={search_term_string}"},"query-input":{"@type":"PropertyValueSpecification","valueRequired":true,"valueName":"search_term_string"}}],"inLanguage":"ca"},{"@type":"Person","@id":"https:\/\/egm.es\/#\/schema\/person\/75ba985cea89a739839231dce8cceadc","name":"redes","image":{"@type":"ImageObject","inLanguage":"ca","@id":"https:\/\/secure.gravatar.com\/avatar\/1ad9711b88a73273660275785009561ed0621301b35d948432b8a104091e70e7?s=96&d=mm&r=g","url":"https:\/\/secure.gravatar.com\/avatar\/1ad9711b88a73273660275785009561ed0621301b35d948432b8a104091e70e7?s=96&d=mm&r=g","contentUrl":"https:\/\/secure.gravatar.com\/avatar\/1ad9711b88a73273660275785009561ed0621301b35d948432b8a104091e70e7?s=96&d=mm&r=g","caption":"redes"},"url":"http:\/\/www.egm.es\/ca\/author\/redes"}]}},"_links":{"self":[{"href":"http:\/\/www.egm.es\/ca\/wp-json\/wp\/v2\/posts\/43560","targetHints":{"allow":["GET"]}}],"collection":[{"href":"http:\/\/www.egm.es\/ca\/wp-json\/wp\/v2\/posts"}],"about":[{"href":"http:\/\/www.egm.es\/ca\/wp-json\/wp\/v2\/types\/post"}],"author":[{"embeddable":true,"href":"http:\/\/www.egm.es\/ca\/wp-json\/wp\/v2\/users\/3"}],"replies":[{"embeddable":true,"href":"http:\/\/www.egm.es\/ca\/wp-json\/wp\/v2\/comments?post=43560"}],"version-history":[{"count":1,"href":"http:\/\/www.egm.es\/ca\/wp-json\/wp\/v2\/posts\/43560\/revisions"}],"predecessor-version":[{"id":43561,"href":"http:\/\/www.egm.es\/ca\/wp-json\/wp\/v2\/posts\/43560\/revisions\/43561"}],"wp:featuredmedia":[{"embeddable":true,"href":"http:\/\/www.egm.es\/ca\/wp-json\/wp\/v2\/media\/43524"}],"wp:attachment":[{"href":"http:\/\/www.egm.es\/ca\/wp-json\/wp\/v2\/media?parent=43560"}],"wp:term":[{"taxonomy":"category","embeddable":true,"href":"http:\/\/www.egm.es\/ca\/wp-json\/wp\/v2\/categories?post=43560"},{"taxonomy":"post_tag","embeddable":true,"href":"http:\/\/www.egm.es\/ca\/wp-json\/wp\/v2\/tags?post=43560"}],"curies":[{"name":"wp","href":"https:\/\/api.w.org\/{rel}","templated":true}]}}