{"id":43558,"date":"2026-04-30T08:40:40","date_gmt":"2026-04-30T08:40:40","guid":{"rendered":"https:\/\/egm.es\/fundacio-vila-cases"},"modified":"2026-04-30T10:13:14","modified_gmt":"2026-04-30T10:13:14","slug":"fundacio-vila-cases","status":"publish","type":"post","link":"http:\/\/www.egm.es\/ca\/fundacio-vila-cases","title":{"rendered":"FUNDACI\u00d3 VILA CASES"},"content":{"rendered":"\n<p class=\"has-large-font-size\">La pintora que va transgredir els c\u00e0nons<\/p>\n\n<p>La <strong><a href=\"https:\/\/www.fundaciovilacasas.com\/es\">Fundaci\u00f3 Vila Casas<\/a><\/strong> de Barcelona presenta <em>Un m\u00f3n en lluita<\/em> , una exposici\u00f3 de l&#8217;artista <a href=\"https:\/\/es.wikipedia.org\/wiki\/Esther_Boix\"><strong>Esther Boix<\/strong><\/a> .<\/p>\n\n<p><a href=\"https:\/\/es.wikipedia.org\/wiki\/Esther_Boix\"><strong>Esther Boix i Pons<\/strong><\/a> (Llers, Girona, 1927-Angl\u00e8s, Girona, 2014) \u00e9s un exemple de lluita i superaci\u00f3.  <\/p>\n\n<figure class=\"wp-block-image size-full\"><img loading=\"lazy\" decoding=\"async\" width=\"1000\" height=\"588\" src=\"http:\/\/egm.es\/wp-content\/uploads\/2026\/04\/th_th_A48795293.jpg.png\" alt=\"\" class=\"wp-image-43494\"\/><\/figure>\n\n<p>Va comen\u00e7ar el seu cam\u00ed al m\u00f3n de l&#8217;art amb una pintura dura i fosca, reflex d&#8217;una societat immersa a la mis\u00e8ria dels anys de la postguerra: interiors humils, gana i buit existencial.  <\/p>\n\n<figure class=\"wp-block-image size-large\"><img loading=\"lazy\" decoding=\"async\" width=\"1024\" height=\"557\" src=\"http:\/\/egm.es\/wp-content\/uploads\/2026\/04\/MAG8014-1024x557.jpg\" alt=\"\" class=\"wp-image-43487\"\/><\/figure>\n\n<figure class=\"wp-block-image size-large\"><img loading=\"lazy\" decoding=\"async\" width=\"1024\" height=\"649\" src=\"http:\/\/egm.es\/wp-content\/uploads\/2026\/04\/MAG7745-1024x649.jpg\" alt=\"\" class=\"wp-image-43466\"\/><\/figure>\n\n<p>Despr\u00e9s d&#8217;un viatge a Par\u00eds i \u2013sobretot\u2013 una estada a Mil\u00e0, la seva pintura fa un tomb, igual que la seva mirada del m\u00f3n, molt m\u00e9s oberta i vitalista.<\/p>\n\n<figure class=\"wp-block-image size-large\"><img loading=\"lazy\" decoding=\"async\" width=\"1024\" height=\"573\" src=\"http:\/\/egm.es\/wp-content\/uploads\/2026\/04\/MAG8003-1024x573.jpg\" alt=\"\" class=\"wp-image-43484\"\/><\/figure>\n\n<figure class=\"wp-block-image size-large\"><img loading=\"lazy\" decoding=\"async\" width=\"1024\" height=\"588\" src=\"http:\/\/egm.es\/wp-content\/uploads\/2026\/04\/MAG7753-1024x588.jpg\" alt=\"\" class=\"wp-image-43469\"\/><\/figure>\n\n<figure class=\"wp-block-image size-large\"><img loading=\"lazy\" decoding=\"async\" width=\"1024\" height=\"672\" src=\"http:\/\/egm.es\/wp-content\/uploads\/2026\/04\/MAG7804-1024x672.jpg\" alt=\"\" class=\"wp-image-43478\"\/><\/figure>\n\n<p>Compromesa amb la transformaci\u00f3 social, ent\u00e9n la pintura com un instrument de reivindicaci\u00f3 dels drets i les llibertats individuals i col\u00b7lectives<\/p>\n\n<figure class=\"wp-block-image size-large\"><img loading=\"lazy\" decoding=\"async\" width=\"1024\" height=\"623\" src=\"http:\/\/egm.es\/wp-content\/uploads\/2026\/04\/MAG7766-1024x623.jpg\" alt=\"\" class=\"wp-image-43472\"\/><\/figure>\n\n<figure class=\"wp-block-image size-large\"><img loading=\"lazy\" decoding=\"async\" width=\"1024\" height=\"625\" src=\"http:\/\/egm.es\/wp-content\/uploads\/2026\/04\/MAG8000-1024x625.jpg\" alt=\"\" class=\"wp-image-43481\"\/><\/figure>\n\n<p>A partir de finals dels anys setanta, la seva obra s&#8217;orienta cap al paisatge, amb una forta consci\u00e8ncia ecol\u00f2gica, fins a arribar a una etapa de plenitud l\u00edrica on la natura i l&#8217;\u00e9sser hum\u00e0 es fonen.  <\/p>\n\n<figure class=\"wp-block-image size-large\"><img loading=\"lazy\" decoding=\"async\" width=\"1024\" height=\"634\" src=\"http:\/\/egm.es\/wp-content\/uploads\/2026\/04\/MAG7774-1024x634.jpg\" alt=\"\" class=\"wp-image-43475\"\/><\/figure>\n\n<p>L&#8217;exposici\u00f3 que presenta la <a href=\"https:\/\/www.fundaciovilacasas.com\/es\"><strong>Fundaci\u00f3 Vila Casas<\/strong><\/a><strong> <\/strong>de Barcelona, \u200b\u200bes celebra a les portes del centenari, \u00e9s la primera gran mostra retrospectiva dedicada a l&#8217;artista i la primera que se celebra a Catalunya des de l&#8217;any 2007.<\/p>\n\n<p><\/p>\n\n<p><\/p>\n\n<p><\/p>\n\n<p>En exposici\u00f3 fins al <strong>12 de juliol del 2026<\/strong> <\/p>\n\n<p>A <a href=\"http:\/\/egm.es\/ca\"><strong>EGM<\/strong><\/a> hem <strong>produ\u00eft i instal\u00b7lat tota la gr\u00e0fica expositiva<\/strong> . All made by <strong><a href=\"http:\/\/egm.es\/ca\">EGM<\/a><\/strong><\/p>\n\n<p>Fotografies \u00a9<a href=\"http:\/\/olgaplanas.com\" type=\"link\" id=\"olgaplanas.com\"><\/a> Pau Bruguera<\/p>\n\n<p><\/p>\n\n<p><\/p>\n\n<p><\/p>\n\n<p><\/p>\n\n<p><\/p>\n\n<p><\/p>\n","protected":false},"excerpt":{"rendered":"<p>La pintora que va transgredir els c\u00e0nons La Fundaci\u00f3 Vila Casas de Barcelona presenta Un m\u00f3n en lluita , una exposici\u00f3 de l&#8217;artista Esther Boix . Esther Boix i Pons (Llers, Girona, 1927-Angl\u00e8s, Girona, 2014) \u00e9s un exemple de lluita i superaci\u00f3. Va comen\u00e7ar el seu cam\u00ed al m\u00f3n de l&#8217;art amb una pintura dura [&#8230;]\n","protected":false},"author":3,"featured_media":43491,"comment_status":"open","ping_status":"open","sticky":false,"template":"","format":"standard","meta":{"footnotes":""},"categories":[149],"tags":[150,160,151,152],"class_list":["post-43558","post","type-post","status-publish","format-standard","has-post-thumbnail","hentry","category-actualitat","tag-actualitat","tag-digital-printing","tag-esdeveniments-expos","tag-grafica-expositiva"],"yoast_head":"<!-- This site is optimized with the Yoast SEO plugin v27.5 - https:\/\/yoast.com\/product\/yoast-seo-wordpress\/ -->\n<title>FUNDACI\u00d3 VILA CASES - EGM<\/title>\n<meta name=\"description\" content=\"La Fundaci\u00f3 Vila Casas de Barcelona presenta Un m\u00f3n en lluita, una exposici\u00f3 de l&#039;artista Esther Boix.\" \/>\n<meta name=\"robots\" content=\"index, follow, max-snippet:-1, max-image-preview:large, max-video-preview:-1\" \/>\n<link rel=\"canonical\" href=\"http:\/\/www.egm.es\/ca\/fundacio-vila-cases\" \/>\n<meta property=\"og:locale\" content=\"ca_ES\" \/>\n<meta property=\"og:type\" content=\"article\" \/>\n<meta property=\"og:title\" content=\"FUNDACI\u00d3 VILA CASES - EGM\" \/>\n<meta property=\"og:description\" content=\"La Fundaci\u00f3 Vila Casas de Barcelona presenta Un m\u00f3n en lluita, una exposici\u00f3 de l&#039;artista Esther Boix.\" \/>\n<meta property=\"og:url\" content=\"http:\/\/www.egm.es\/ca\/fundacio-vila-cases\" \/>\n<meta property=\"og:site_name\" content=\"EGM\" \/>\n<meta property=\"article:published_time\" content=\"2026-04-30T08:40:40+00:00\" \/>\n<meta property=\"article:modified_time\" content=\"2026-04-30T10:13:14+00:00\" \/>\n<meta property=\"og:image\" content=\"https:\/\/egm.es\/wp-content\/uploads\/2026\/04\/MAG8038.jpg\" \/>\n\t<meta property=\"og:image:width\" content=\"1500\" \/>\n\t<meta property=\"og:image:height\" content=\"936\" \/>\n\t<meta property=\"og:image:type\" content=\"image\/jpeg\" \/>\n<meta name=\"author\" content=\"redes\" \/>\n<meta name=\"twitter:card\" content=\"summary_large_image\" \/>\n<meta name=\"twitter:label1\" content=\"Escrit per\" \/>\n\t<meta name=\"twitter:data1\" content=\"redes\" \/>\n\t<meta name=\"twitter:label2\" content=\"Temps estimat de lectura\" \/>\n\t<meta name=\"twitter:data2\" content=\"1 minut\" \/>\n<script type=\"application\/ld+json\" class=\"yoast-schema-graph\">{\"@context\":\"https:\\\/\\\/schema.org\",\"@graph\":[{\"@type\":\"Article\",\"@id\":\"http:\\\/\\\/www.egm.es\\\/ca\\\/fundacio-vila-cases#article\",\"isPartOf\":{\"@id\":\"http:\\\/\\\/www.egm.es\\\/ca\\\/fundacio-vila-cases\"},\"author\":{\"name\":\"redes\",\"@id\":\"https:\\\/\\\/egm.es\\\/#\\\/schema\\\/person\\\/75ba985cea89a739839231dce8cceadc\"},\"headline\":\"FUNDACI\u00d3 VILA CASES\",\"datePublished\":\"2026-04-30T08:40:40+00:00\",\"dateModified\":\"2026-04-30T10:13:14+00:00\",\"mainEntityOfPage\":{\"@id\":\"http:\\\/\\\/www.egm.es\\\/ca\\\/fundacio-vila-cases\"},\"wordCount\":248,\"commentCount\":0,\"image\":{\"@id\":\"http:\\\/\\\/www.egm.es\\\/ca\\\/fundacio-vila-cases#primaryimage\"},\"thumbnailUrl\":\"http:\\\/\\\/www.egm.es\\\/wp-content\\\/uploads\\\/2026\\\/04\\\/MAG8038.jpg\",\"keywords\":[\"Actualitat\",\"Digital Printing\",\"Esdeveniments &amp; Expos\",\"Gr\u00e0fica expositiva\"],\"articleSection\":[\"Actualitat\"],\"inLanguage\":\"ca\",\"potentialAction\":[{\"@type\":\"CommentAction\",\"name\":\"Comment\",\"target\":[\"http:\\\/\\\/www.egm.es\\\/ca\\\/fundacio-vila-cases#respond\"]}]},{\"@type\":\"WebPage\",\"@id\":\"http:\\\/\\\/www.egm.es\\\/ca\\\/fundacio-vila-cases\",\"url\":\"http:\\\/\\\/www.egm.es\\\/ca\\\/fundacio-vila-cases\",\"name\":\"FUNDACI\u00d3 VILA CASES - EGM\",\"isPartOf\":{\"@id\":\"https:\\\/\\\/egm.es\\\/#website\"},\"primaryImageOfPage\":{\"@id\":\"http:\\\/\\\/www.egm.es\\\/ca\\\/fundacio-vila-cases#primaryimage\"},\"image\":{\"@id\":\"http:\\\/\\\/www.egm.es\\\/ca\\\/fundacio-vila-cases#primaryimage\"},\"thumbnailUrl\":\"http:\\\/\\\/www.egm.es\\\/wp-content\\\/uploads\\\/2026\\\/04\\\/MAG8038.jpg\",\"datePublished\":\"2026-04-30T08:40:40+00:00\",\"dateModified\":\"2026-04-30T10:13:14+00:00\",\"author\":{\"@id\":\"https:\\\/\\\/egm.es\\\/#\\\/schema\\\/person\\\/75ba985cea89a739839231dce8cceadc\"},\"description\":\"La Fundaci\u00f3 Vila Casas de Barcelona presenta Un m\u00f3n en lluita, una exposici\u00f3 de l'artista Esther Boix.\",\"breadcrumb\":{\"@id\":\"http:\\\/\\\/www.egm.es\\\/ca\\\/fundacio-vila-cases#breadcrumb\"},\"inLanguage\":\"ca\",\"potentialAction\":[{\"@type\":\"ReadAction\",\"target\":[\"http:\\\/\\\/www.egm.es\\\/ca\\\/fundacio-vila-cases\"]}]},{\"@type\":\"ImageObject\",\"inLanguage\":\"ca\",\"@id\":\"http:\\\/\\\/www.egm.es\\\/ca\\\/fundacio-vila-cases#primaryimage\",\"url\":\"http:\\\/\\\/www.egm.es\\\/wp-content\\\/uploads\\\/2026\\\/04\\\/MAG8038.jpg\",\"contentUrl\":\"http:\\\/\\\/www.egm.es\\\/wp-content\\\/uploads\\\/2026\\\/04\\\/MAG8038.jpg\",\"width\":1500,\"height\":936},{\"@type\":\"BreadcrumbList\",\"@id\":\"http:\\\/\\\/www.egm.es\\\/ca\\\/fundacio-vila-cases#breadcrumb\",\"itemListElement\":[{\"@type\":\"ListItem\",\"position\":1,\"name\":\"Portada\",\"item\":\"https:\\\/\\\/www2.egm.es\\\/ca\"},{\"@type\":\"ListItem\",\"position\":2,\"name\":\"FUNDACI\u00d3 VILA CASES\"}]},{\"@type\":\"WebSite\",\"@id\":\"https:\\\/\\\/egm.es\\\/#website\",\"url\":\"https:\\\/\\\/egm.es\\\/\",\"name\":\"EGM\",\"description\":\"Counicaci\u00f3n visual\",\"potentialAction\":[{\"@type\":\"SearchAction\",\"target\":{\"@type\":\"EntryPoint\",\"urlTemplate\":\"https:\\\/\\\/egm.es\\\/?s={search_term_string}\"},\"query-input\":{\"@type\":\"PropertyValueSpecification\",\"valueRequired\":true,\"valueName\":\"search_term_string\"}}],\"inLanguage\":\"ca\"},{\"@type\":\"Person\",\"@id\":\"https:\\\/\\\/egm.es\\\/#\\\/schema\\\/person\\\/75ba985cea89a739839231dce8cceadc\",\"name\":\"redes\",\"image\":{\"@type\":\"ImageObject\",\"inLanguage\":\"ca\",\"@id\":\"https:\\\/\\\/secure.gravatar.com\\\/avatar\\\/1ad9711b88a73273660275785009561ed0621301b35d948432b8a104091e70e7?s=96&d=mm&r=g\",\"url\":\"https:\\\/\\\/secure.gravatar.com\\\/avatar\\\/1ad9711b88a73273660275785009561ed0621301b35d948432b8a104091e70e7?s=96&d=mm&r=g\",\"contentUrl\":\"https:\\\/\\\/secure.gravatar.com\\\/avatar\\\/1ad9711b88a73273660275785009561ed0621301b35d948432b8a104091e70e7?s=96&d=mm&r=g\",\"caption\":\"redes\"},\"url\":\"http:\\\/\\\/www.egm.es\\\/ca\\\/author\\\/redes\"}]}<\/script>\n<!-- \/ Yoast SEO plugin. -->","yoast_head_json":{"title":"FUNDACI\u00d3 VILA CASES - EGM","description":"La Fundaci\u00f3 Vila Casas de Barcelona presenta Un m\u00f3n en lluita, una exposici\u00f3 de l'artista Esther Boix.","robots":{"index":"index","follow":"follow","max-snippet":"max-snippet:-1","max-image-preview":"max-image-preview:large","max-video-preview":"max-video-preview:-1"},"canonical":"http:\/\/www.egm.es\/ca\/fundacio-vila-cases","og_locale":"ca_ES","og_type":"article","og_title":"FUNDACI\u00d3 VILA CASES - EGM","og_description":"La Fundaci\u00f3 Vila Casas de Barcelona presenta Un m\u00f3n en lluita, una exposici\u00f3 de l'artista Esther Boix.","og_url":"http:\/\/www.egm.es\/ca\/fundacio-vila-cases","og_site_name":"EGM","article_published_time":"2026-04-30T08:40:40+00:00","article_modified_time":"2026-04-30T10:13:14+00:00","og_image":[{"width":1500,"height":936,"url":"https:\/\/egm.es\/wp-content\/uploads\/2026\/04\/MAG8038.jpg","type":"image\/jpeg"}],"author":"redes","twitter_card":"summary_large_image","twitter_misc":{"Escrit per":"redes","Temps estimat de lectura":"1 minut"},"schema":{"@context":"https:\/\/schema.org","@graph":[{"@type":"Article","@id":"http:\/\/www.egm.es\/ca\/fundacio-vila-cases#article","isPartOf":{"@id":"http:\/\/www.egm.es\/ca\/fundacio-vila-cases"},"author":{"name":"redes","@id":"https:\/\/egm.es\/#\/schema\/person\/75ba985cea89a739839231dce8cceadc"},"headline":"FUNDACI\u00d3 VILA CASES","datePublished":"2026-04-30T08:40:40+00:00","dateModified":"2026-04-30T10:13:14+00:00","mainEntityOfPage":{"@id":"http:\/\/www.egm.es\/ca\/fundacio-vila-cases"},"wordCount":248,"commentCount":0,"image":{"@id":"http:\/\/www.egm.es\/ca\/fundacio-vila-cases#primaryimage"},"thumbnailUrl":"http:\/\/www.egm.es\/wp-content\/uploads\/2026\/04\/MAG8038.jpg","keywords":["Actualitat","Digital Printing","Esdeveniments &amp; Expos","Gr\u00e0fica expositiva"],"articleSection":["Actualitat"],"inLanguage":"ca","potentialAction":[{"@type":"CommentAction","name":"Comment","target":["http:\/\/www.egm.es\/ca\/fundacio-vila-cases#respond"]}]},{"@type":"WebPage","@id":"http:\/\/www.egm.es\/ca\/fundacio-vila-cases","url":"http:\/\/www.egm.es\/ca\/fundacio-vila-cases","name":"FUNDACI\u00d3 VILA CASES - EGM","isPartOf":{"@id":"https:\/\/egm.es\/#website"},"primaryImageOfPage":{"@id":"http:\/\/www.egm.es\/ca\/fundacio-vila-cases#primaryimage"},"image":{"@id":"http:\/\/www.egm.es\/ca\/fundacio-vila-cases#primaryimage"},"thumbnailUrl":"http:\/\/www.egm.es\/wp-content\/uploads\/2026\/04\/MAG8038.jpg","datePublished":"2026-04-30T08:40:40+00:00","dateModified":"2026-04-30T10:13:14+00:00","author":{"@id":"https:\/\/egm.es\/#\/schema\/person\/75ba985cea89a739839231dce8cceadc"},"description":"La Fundaci\u00f3 Vila Casas de Barcelona presenta Un m\u00f3n en lluita, una exposici\u00f3 de l'artista Esther Boix.","breadcrumb":{"@id":"http:\/\/www.egm.es\/ca\/fundacio-vila-cases#breadcrumb"},"inLanguage":"ca","potentialAction":[{"@type":"ReadAction","target":["http:\/\/www.egm.es\/ca\/fundacio-vila-cases"]}]},{"@type":"ImageObject","inLanguage":"ca","@id":"http:\/\/www.egm.es\/ca\/fundacio-vila-cases#primaryimage","url":"http:\/\/www.egm.es\/wp-content\/uploads\/2026\/04\/MAG8038.jpg","contentUrl":"http:\/\/www.egm.es\/wp-content\/uploads\/2026\/04\/MAG8038.jpg","width":1500,"height":936},{"@type":"BreadcrumbList","@id":"http:\/\/www.egm.es\/ca\/fundacio-vila-cases#breadcrumb","itemListElement":[{"@type":"ListItem","position":1,"name":"Portada","item":"https:\/\/www2.egm.es\/ca"},{"@type":"ListItem","position":2,"name":"FUNDACI\u00d3 VILA CASES"}]},{"@type":"WebSite","@id":"https:\/\/egm.es\/#website","url":"https:\/\/egm.es\/","name":"EGM","description":"Counicaci\u00f3n visual","potentialAction":[{"@type":"SearchAction","target":{"@type":"EntryPoint","urlTemplate":"https:\/\/egm.es\/?s={search_term_string}"},"query-input":{"@type":"PropertyValueSpecification","valueRequired":true,"valueName":"search_term_string"}}],"inLanguage":"ca"},{"@type":"Person","@id":"https:\/\/egm.es\/#\/schema\/person\/75ba985cea89a739839231dce8cceadc","name":"redes","image":{"@type":"ImageObject","inLanguage":"ca","@id":"https:\/\/secure.gravatar.com\/avatar\/1ad9711b88a73273660275785009561ed0621301b35d948432b8a104091e70e7?s=96&d=mm&r=g","url":"https:\/\/secure.gravatar.com\/avatar\/1ad9711b88a73273660275785009561ed0621301b35d948432b8a104091e70e7?s=96&d=mm&r=g","contentUrl":"https:\/\/secure.gravatar.com\/avatar\/1ad9711b88a73273660275785009561ed0621301b35d948432b8a104091e70e7?s=96&d=mm&r=g","caption":"redes"},"url":"http:\/\/www.egm.es\/ca\/author\/redes"}]}},"_links":{"self":[{"href":"http:\/\/www.egm.es\/ca\/wp-json\/wp\/v2\/posts\/43558","targetHints":{"allow":["GET"]}}],"collection":[{"href":"http:\/\/www.egm.es\/ca\/wp-json\/wp\/v2\/posts"}],"about":[{"href":"http:\/\/www.egm.es\/ca\/wp-json\/wp\/v2\/types\/post"}],"author":[{"embeddable":true,"href":"http:\/\/www.egm.es\/ca\/wp-json\/wp\/v2\/users\/3"}],"replies":[{"embeddable":true,"href":"http:\/\/www.egm.es\/ca\/wp-json\/wp\/v2\/comments?post=43558"}],"version-history":[{"count":1,"href":"http:\/\/www.egm.es\/ca\/wp-json\/wp\/v2\/posts\/43558\/revisions"}],"predecessor-version":[{"id":43559,"href":"http:\/\/www.egm.es\/ca\/wp-json\/wp\/v2\/posts\/43558\/revisions\/43559"}],"wp:featuredmedia":[{"embeddable":true,"href":"http:\/\/www.egm.es\/ca\/wp-json\/wp\/v2\/media\/43491"}],"wp:attachment":[{"href":"http:\/\/www.egm.es\/ca\/wp-json\/wp\/v2\/media?parent=43558"}],"wp:term":[{"taxonomy":"category","embeddable":true,"href":"http:\/\/www.egm.es\/ca\/wp-json\/wp\/v2\/categories?post=43558"},{"taxonomy":"post_tag","embeddable":true,"href":"http:\/\/www.egm.es\/ca\/wp-json\/wp\/v2\/tags?post=43558"}],"curies":[{"name":"wp","href":"https:\/\/api.w.org\/{rel}","templated":true}]}}