{"id":43453,"date":"2026-04-22T10:26:19","date_gmt":"2026-04-22T10:26:19","guid":{"rendered":"https:\/\/egm.es\/museu-picasso"},"modified":"2026-04-22T11:26:02","modified_gmt":"2026-04-22T11:26:02","slug":"museu-picasso","status":"publish","type":"post","link":"http:\/\/www.egm.es\/ca\/museu-picasso","title":{"rendered":"MUSEU PICASSO"},"content":{"rendered":"\n<p class=\"has-large-font-size\">Val\u00e9rie Belin<\/p>\n\n<p>El <strong><a href=\"https:\/\/museupicassobcn.cat\/es\/node\/6010\">Museu Picasso<\/a><\/strong> de Barcelona presenta <em>la imatge com a enigma<\/em> , una exposici\u00f3 dedicada a la fot\u00f2grafa <a href=\"https:\/\/valeriebelin.com\"><strong>Val\u00e9rie Belin<\/strong><\/a> , amb una selecci\u00f3 de 35 obres.<\/p>\n\n<p><strong><a href=\"https:\/\/valeriebelin.com\">Val\u00e9rie Belin<\/a><\/strong> artista francesa que, despr\u00e9s d&#8217;estudiar art i filosofia, va fer de la fotografia el centre de la pr\u00e0ctica. La seva obra reflexiona sobre la relaci\u00f3 entre realitat, representaci\u00f3 i artifici mitjan\u00e7ant imatges frontals, seriades i de gran precisi\u00f3 formal, influ\u00efdes pel minimalisme. <\/p>\n\n<figure class=\"wp-block-image size-large\"><img decoding=\"async\" src=\"http:\/\/egm.es\/wp-content\/uploads\/2026\/04\/valerie-belin-04-&#xA9;-olga-planas-1-1024x760.jpg\" alt=\"\" class=\"wp-image-43441\"\/><\/figure>\n\n<p>La mostra convida a <a href=\"https:\/\/valeriebelin.com\"><strong>Val\u00e9rie Belin<\/strong><\/a> a dialogar amb La Col\u00b7lecci\u00f3 de <a href=\"https:\/\/es.wikipedia.org\/wiki\/Pablo_Picasso\"><strong>Picasso<\/strong><\/a> i a establir nous ponts entre el llegat d&#8217;artista i la creaci\u00f3 actual.<\/p>\n\n<figure class=\"wp-block-image size-large\"><img decoding=\"async\" src=\"http:\/\/egm.es\/wp-content\/uploads\/2026\/04\/valerie-belin-08-&#xA9;-olga-planas-2-1024x768.jpg\" alt=\"\" class=\"wp-image-43427\"\/><\/figure>\n\n<figure class=\"wp-block-image size-large\"><img decoding=\"async\" src=\"http:\/\/egm.es\/wp-content\/uploads\/2026\/04\/valerie-belin-08-&#xA9;-olga-planas-1-1024x644.jpg\" alt=\"\" class=\"wp-image-43393\"\/><\/figure>\n\n<figure class=\"wp-block-image size-large\"><img decoding=\"async\" src=\"http:\/\/egm.es\/wp-content\/uploads\/2026\/04\/valerie-belin-12-&#xA9;-olga-planas-1024x558.jpg\" alt=\"\" class=\"wp-image-43405\"\/><\/figure>\n\n<figure class=\"wp-block-image size-large\"><img decoding=\"async\" src=\"http:\/\/egm.es\/wp-content\/uploads\/2026\/04\/valerie-belin-05-&#xA9;-olga-planas-1-1024x653.jpg\" alt=\"\" class=\"wp-image-43412\"\/><\/figure>\n\n<p><a href=\"https:\/\/valeriebelin.com\"><strong>Belin<\/strong><\/a> , com <a href=\"https:\/\/es.wikipedia.org\/wiki\/Pablo_Picasso\"><strong>Picasso<\/strong><\/a> , pren l&#8217;aparen\u00e7a i la pres\u00e8ncia femenina com un dels motors de reflexi\u00f3 per a la creaci\u00f3 art\u00edstica<\/p>\n\n<figure class=\"wp-block-image size-large\"><img decoding=\"async\" src=\"http:\/\/egm.es\/wp-content\/uploads\/2026\/04\/valerie-belin-10-&#xA9;-olga-planas-1-1024x768.jpg\" alt=\"\" class=\"wp-image-43415\"\/><\/figure>\n\n<p>El collage, molt picassi\u00e0, apareix tamb\u00e9 a les seves obres per incloure conceptes abstractes a les fotografies.<\/p>\n\n<figure class=\"wp-block-image size-large\"><img decoding=\"async\" src=\"http:\/\/egm.es\/wp-content\/uploads\/2026\/04\/valerie-belin-13-&#xA9;-olga-planas-1024x640.jpg\" alt=\"\" class=\"wp-image-43408\"\/><\/figure>\n\n<figure class=\"wp-block-image size-large\"><img decoding=\"async\" src=\"http:\/\/egm.es\/wp-content\/uploads\/2026\/04\/valerie-belin-06-&#xA9;-olga-planas-1024x616.jpg\" alt=\"\" class=\"wp-image-43384\"\/><\/figure>\n\n<figure class=\"wp-block-image size-large\"><img decoding=\"async\" src=\"http:\/\/egm.es\/wp-content\/uploads\/2026\/04\/valerie-belin-11-&#xA9;-olga-planas-1024x701.jpg\" alt=\"\" class=\"wp-image-43402\"\/><\/figure>\n\n<p><em>La percepci\u00f3 i el jo es configuren a trav\u00e9s d&#8217;estereotips i codis visuals, un espai on els l\u00edmits entre realitat i ficci\u00f3 es dilueixen<\/em>, comenta <a href=\"https:\/\/valeriebelin.com\"><strong>Val\u00e9rie Belin<\/strong><\/a> sobre les seves obres.<\/p>\n\n<figure class=\"wp-block-image size-large\"><img decoding=\"async\" src=\"http:\/\/egm.es\/wp-content\/uploads\/2026\/04\/valerie-belin-07-&#xA9;-olga-planas-1-1024x698.jpg\" alt=\"\" class=\"wp-image-43418\"\/><\/figure>\n\n<figure class=\"wp-block-image size-large\"><img decoding=\"async\" src=\"https:\/\/egm.es\/wp-content\/uploads\/2026\/04\/VALERIE-BELIN-14-&#xA9;-OLGA-PLANAS-1024x708.jpg\" alt=\"\" class=\"wp-image-43424\"\/><\/figure>\n\n<figure class=\"wp-block-image size-large\"><img decoding=\"async\" src=\"http:\/\/egm.es\/wp-content\/uploads\/2026\/04\/valerie-belin-09-&#xA9;-olga-planas-1-1024x592.jpg\" alt=\"\" class=\"wp-image-43421\"\/><\/figure>\n\n<p>L&#8217;exposici\u00f3 recorre algunes de les s\u00e8ries clau de <a href=\"https:\/\/valeriebelin.com\"><strong>Belin<\/strong><\/a> , com <em>Venise II<\/em> , <em>Black-Eyed Susan<\/em> i <em>Cover Girls<\/em> , entre d&#8217;altres, centrades en la construcci\u00f3 de la bellesa i la identitat en la cultura visual actual.<\/p>\n\n<figure class=\"wp-block-image size-large\"><img decoding=\"async\" src=\"http:\/\/egm.es\/wp-content\/uploads\/2026\/04\/valerie-belin-01-&#xA9;-olga-planas-1-1024x768.jpg\" alt=\"\" class=\"wp-image-43432\"\/><\/figure>\n\n<p><\/p>\n\n<p><\/p>\n\n<p>En exposici\u00f3 fins al <strong>06 de setembre del 2026<\/strong>                                                                                             <\/p>\n\n<p>A <a href=\"http:\/\/egm.es\/ca\"><strong>EGM<\/strong><\/a> hem <strong>produ\u00eft i instal\u00b7lat tota la gr\u00e0fica expositiva<\/strong> . All made by <strong><a href=\"http:\/\/egm.es\/ca\">EGM<\/a><\/strong><\/p>\n\n<p><\/p>\n\n<p><\/p>\n\n<p><\/p>\n\n<p><\/p>\n\n<p><\/p>\n\n<p><\/p>\n\n<p><\/p>\n","protected":false},"excerpt":{"rendered":"<p>Val\u00e9rie Belin El Museu Picasso de Barcelona presenta la imatge com a enigma , una exposici\u00f3 dedicada a la fot\u00f2grafa Val\u00e9rie Belin , amb una selecci\u00f3 de 35 obres. Val\u00e9rie Belin artista francesa que, despr\u00e9s d&#8217;estudiar art i filosofia, va fer de la fotografia el centre de la pr\u00e0ctica. La seva obra reflexiona sobre la [&#8230;]\n","protected":false},"author":3,"featured_media":43445,"comment_status":"open","ping_status":"open","sticky":false,"template":"","format":"standard","meta":{"footnotes":""},"categories":[149],"tags":[150,160,151,152],"class_list":["post-43453","post","type-post","status-publish","format-standard","has-post-thumbnail","hentry","category-actualitat","tag-actualitat","tag-digital-printing","tag-esdeveniments-expos","tag-grafica-expositiva"],"yoast_head":"<!-- This site is optimized with the Yoast SEO plugin v27.3 - https:\/\/yoast.com\/product\/yoast-seo-wordpress\/ -->\n<title>MUSEU PICASSO - EGM<\/title>\n<meta name=\"description\" content=\"El Museu Picasso de Barcelona presenta la imatge com a enigma, una exposici\u00f3 dedicada a la fot\u00f2grafa Val\u00e9rie Belin, amb una selecci\u00f3 de 35 obres. La mostra, com fa el museu des de fa m\u00e9s d&#039;una d\u00e8cada, convida l&#039;artista a dialogar amb la seva col\u00b7lecci\u00f3 ia establir &quot;nous ponts&quot; entre el llegat de Picasso i la creaci\u00f3 actual.\" \/>\n<meta name=\"robots\" content=\"index, follow, max-snippet:-1, max-image-preview:large, max-video-preview:-1\" \/>\n<link rel=\"canonical\" href=\"http:\/\/www.egm.es\/ca\/museu-picasso\" \/>\n<meta property=\"og:locale\" content=\"ca_ES\" \/>\n<meta property=\"og:type\" content=\"article\" \/>\n<meta property=\"og:title\" content=\"MUSEU PICASSO - EGM\" \/>\n<meta property=\"og:description\" content=\"El Museu Picasso de Barcelona presenta la imatge com a enigma, una exposici\u00f3 dedicada a la fot\u00f2grafa Val\u00e9rie Belin, amb una selecci\u00f3 de 35 obres. La mostra, com fa el museu des de fa m\u00e9s d&#039;una d\u00e8cada, convida l&#039;artista a dialogar amb la seva col\u00b7lecci\u00f3 ia establir &quot;nous ponts&quot; entre el llegat de Picasso i la creaci\u00f3 actual.\" \/>\n<meta property=\"og:url\" content=\"http:\/\/www.egm.es\/ca\/museu-picasso\" \/>\n<meta property=\"og:site_name\" content=\"EGM\" \/>\n<meta property=\"article:published_time\" content=\"2026-04-22T10:26:19+00:00\" \/>\n<meta property=\"article:modified_time\" content=\"2026-04-22T11:26:02+00:00\" \/>\n<meta property=\"og:image\" content=\"http:\/\/ftpweb.egm.es\/wp-content\/uploads\/2026\/04\/valerie-belin-03-\u00a9-olga-planas-1.jpg\" \/>\n\t<meta property=\"og:image:width\" content=\"1500\" \/>\n\t<meta property=\"og:image:height\" content=\"990\" \/>\n\t<meta property=\"og:image:type\" content=\"image\/jpeg\" \/>\n<meta name=\"author\" content=\"redes\" \/>\n<meta name=\"twitter:card\" content=\"summary_large_image\" \/>\n<meta name=\"twitter:label1\" content=\"Escrit per\" \/>\n\t<meta name=\"twitter:data1\" content=\"redes\" \/>\n\t<meta name=\"twitter:label2\" content=\"Temps estimat de lectura\" \/>\n\t<meta name=\"twitter:data2\" content=\"1 minut\" \/>\n<script type=\"application\/ld+json\" class=\"yoast-schema-graph\">{\"@context\":\"https:\\\/\\\/schema.org\",\"@graph\":[{\"@type\":\"Article\",\"@id\":\"http:\\\/\\\/www.egm.es\\\/ca\\\/museu-picasso#article\",\"isPartOf\":{\"@id\":\"http:\\\/\\\/www.egm.es\\\/ca\\\/museu-picasso\"},\"author\":{\"name\":\"redes\",\"@id\":\"https:\\\/\\\/www2.egm.es\\\/#\\\/schema\\\/person\\\/75ba985cea89a739839231dce8cceadc\"},\"headline\":\"MUSEU PICASSO\",\"datePublished\":\"2026-04-22T10:26:19+00:00\",\"dateModified\":\"2026-04-22T11:26:02+00:00\",\"mainEntityOfPage\":{\"@id\":\"http:\\\/\\\/www.egm.es\\\/ca\\\/museu-picasso\"},\"wordCount\":247,\"commentCount\":0,\"image\":{\"@id\":\"http:\\\/\\\/www.egm.es\\\/ca\\\/museu-picasso#primaryimage\"},\"thumbnailUrl\":\"http:\\\/\\\/www.egm.es\\\/wp-content\\\/uploads\\\/2026\\\/04\\\/valerie-belin-03-\u00a9-olga-planas-1.jpg\",\"keywords\":[\"Actualitat\",\"Digital Printing\",\"Esdeveniments &amp; Expos\",\"Gr\u00e0fica expositiva\"],\"articleSection\":[\"Actualitat\"],\"inLanguage\":\"ca\",\"potentialAction\":[{\"@type\":\"CommentAction\",\"name\":\"Comment\",\"target\":[\"http:\\\/\\\/www.egm.es\\\/ca\\\/museu-picasso#respond\"]}]},{\"@type\":\"WebPage\",\"@id\":\"http:\\\/\\\/www.egm.es\\\/ca\\\/museu-picasso\",\"url\":\"http:\\\/\\\/www.egm.es\\\/ca\\\/museu-picasso\",\"name\":\"MUSEU PICASSO - EGM\",\"isPartOf\":{\"@id\":\"https:\\\/\\\/www2.egm.es\\\/#website\"},\"primaryImageOfPage\":{\"@id\":\"http:\\\/\\\/www.egm.es\\\/ca\\\/museu-picasso#primaryimage\"},\"image\":{\"@id\":\"http:\\\/\\\/www.egm.es\\\/ca\\\/museu-picasso#primaryimage\"},\"thumbnailUrl\":\"http:\\\/\\\/www.egm.es\\\/wp-content\\\/uploads\\\/2026\\\/04\\\/valerie-belin-03-\u00a9-olga-planas-1.jpg\",\"datePublished\":\"2026-04-22T10:26:19+00:00\",\"dateModified\":\"2026-04-22T11:26:02+00:00\",\"author\":{\"@id\":\"https:\\\/\\\/www2.egm.es\\\/#\\\/schema\\\/person\\\/75ba985cea89a739839231dce8cceadc\"},\"description\":\"El Museu Picasso de Barcelona presenta la imatge com a enigma, una exposici\u00f3 dedicada a la fot\u00f2grafa Val\u00e9rie Belin, amb una selecci\u00f3 de 35 obres. La mostra, com fa el museu des de fa m\u00e9s d'una d\u00e8cada, convida l'artista a dialogar amb la seva col\u00b7lecci\u00f3 ia establir \\\"nous ponts\\\" entre el llegat de Picasso i la creaci\u00f3 actual.\",\"breadcrumb\":{\"@id\":\"http:\\\/\\\/www.egm.es\\\/ca\\\/museu-picasso#breadcrumb\"},\"inLanguage\":\"ca\",\"potentialAction\":[{\"@type\":\"ReadAction\",\"target\":[\"http:\\\/\\\/www.egm.es\\\/ca\\\/museu-picasso\"]}]},{\"@type\":\"ImageObject\",\"inLanguage\":\"ca\",\"@id\":\"http:\\\/\\\/www.egm.es\\\/ca\\\/museu-picasso#primaryimage\",\"url\":\"http:\\\/\\\/www.egm.es\\\/wp-content\\\/uploads\\\/2026\\\/04\\\/valerie-belin-03-\u00a9-olga-planas-1.jpg\",\"contentUrl\":\"http:\\\/\\\/www.egm.es\\\/wp-content\\\/uploads\\\/2026\\\/04\\\/valerie-belin-03-\u00a9-olga-planas-1.jpg\",\"width\":1500,\"height\":990},{\"@type\":\"BreadcrumbList\",\"@id\":\"http:\\\/\\\/www.egm.es\\\/ca\\\/museu-picasso#breadcrumb\",\"itemListElement\":[{\"@type\":\"ListItem\",\"position\":1,\"name\":\"Portada\",\"item\":\"http:\\\/\\\/egm.es\\\/ca\"},{\"@type\":\"ListItem\",\"position\":2,\"name\":\"MUSEU PICASSO\"}]},{\"@type\":\"WebSite\",\"@id\":\"https:\\\/\\\/www2.egm.es\\\/#website\",\"url\":\"https:\\\/\\\/www2.egm.es\\\/\",\"name\":\"EGM\",\"description\":\"Counicaci\u00f3n visual\",\"potentialAction\":[{\"@type\":\"SearchAction\",\"target\":{\"@type\":\"EntryPoint\",\"urlTemplate\":\"https:\\\/\\\/www2.egm.es\\\/?s={search_term_string}\"},\"query-input\":{\"@type\":\"PropertyValueSpecification\",\"valueRequired\":true,\"valueName\":\"search_term_string\"}}],\"inLanguage\":\"ca\"},{\"@type\":\"Person\",\"@id\":\"https:\\\/\\\/www2.egm.es\\\/#\\\/schema\\\/person\\\/75ba985cea89a739839231dce8cceadc\",\"name\":\"redes\",\"image\":{\"@type\":\"ImageObject\",\"inLanguage\":\"ca\",\"@id\":\"https:\\\/\\\/secure.gravatar.com\\\/avatar\\\/1ad9711b88a73273660275785009561ed0621301b35d948432b8a104091e70e7?s=96&d=mm&r=g\",\"url\":\"https:\\\/\\\/secure.gravatar.com\\\/avatar\\\/1ad9711b88a73273660275785009561ed0621301b35d948432b8a104091e70e7?s=96&d=mm&r=g\",\"contentUrl\":\"https:\\\/\\\/secure.gravatar.com\\\/avatar\\\/1ad9711b88a73273660275785009561ed0621301b35d948432b8a104091e70e7?s=96&d=mm&r=g\",\"caption\":\"redes\"},\"url\":\"http:\\\/\\\/www.egm.es\\\/ca\\\/author\\\/redes\"}]}<\/script>\n<!-- \/ Yoast SEO plugin. -->","yoast_head_json":{"title":"MUSEU PICASSO - EGM","description":"El Museu Picasso de Barcelona presenta la imatge com a enigma, una exposici\u00f3 dedicada a la fot\u00f2grafa Val\u00e9rie Belin, amb una selecci\u00f3 de 35 obres. La mostra, com fa el museu des de fa m\u00e9s d'una d\u00e8cada, convida l'artista a dialogar amb la seva col\u00b7lecci\u00f3 ia establir \"nous ponts\" entre el llegat de Picasso i la creaci\u00f3 actual.","robots":{"index":"index","follow":"follow","max-snippet":"max-snippet:-1","max-image-preview":"max-image-preview:large","max-video-preview":"max-video-preview:-1"},"canonical":"http:\/\/www.egm.es\/ca\/museu-picasso","og_locale":"ca_ES","og_type":"article","og_title":"MUSEU PICASSO - EGM","og_description":"El Museu Picasso de Barcelona presenta la imatge com a enigma, una exposici\u00f3 dedicada a la fot\u00f2grafa Val\u00e9rie Belin, amb una selecci\u00f3 de 35 obres. La mostra, com fa el museu des de fa m\u00e9s d'una d\u00e8cada, convida l'artista a dialogar amb la seva col\u00b7lecci\u00f3 ia establir \"nous ponts\" entre el llegat de Picasso i la creaci\u00f3 actual.","og_url":"http:\/\/www.egm.es\/ca\/museu-picasso","og_site_name":"EGM","article_published_time":"2026-04-22T10:26:19+00:00","article_modified_time":"2026-04-22T11:26:02+00:00","og_image":[{"width":1500,"height":990,"url":"http:\/\/ftpweb.egm.es\/wp-content\/uploads\/2026\/04\/valerie-belin-03-\u00a9-olga-planas-1.jpg","type":"image\/jpeg"}],"author":"redes","twitter_card":"summary_large_image","twitter_misc":{"Escrit per":"redes","Temps estimat de lectura":"1 minut"},"schema":{"@context":"https:\/\/schema.org","@graph":[{"@type":"Article","@id":"http:\/\/www.egm.es\/ca\/museu-picasso#article","isPartOf":{"@id":"http:\/\/www.egm.es\/ca\/museu-picasso"},"author":{"name":"redes","@id":"https:\/\/www2.egm.es\/#\/schema\/person\/75ba985cea89a739839231dce8cceadc"},"headline":"MUSEU PICASSO","datePublished":"2026-04-22T10:26:19+00:00","dateModified":"2026-04-22T11:26:02+00:00","mainEntityOfPage":{"@id":"http:\/\/www.egm.es\/ca\/museu-picasso"},"wordCount":247,"commentCount":0,"image":{"@id":"http:\/\/www.egm.es\/ca\/museu-picasso#primaryimage"},"thumbnailUrl":"http:\/\/www.egm.es\/wp-content\/uploads\/2026\/04\/valerie-belin-03-\u00a9-olga-planas-1.jpg","keywords":["Actualitat","Digital Printing","Esdeveniments &amp; Expos","Gr\u00e0fica expositiva"],"articleSection":["Actualitat"],"inLanguage":"ca","potentialAction":[{"@type":"CommentAction","name":"Comment","target":["http:\/\/www.egm.es\/ca\/museu-picasso#respond"]}]},{"@type":"WebPage","@id":"http:\/\/www.egm.es\/ca\/museu-picasso","url":"http:\/\/www.egm.es\/ca\/museu-picasso","name":"MUSEU PICASSO - EGM","isPartOf":{"@id":"https:\/\/www2.egm.es\/#website"},"primaryImageOfPage":{"@id":"http:\/\/www.egm.es\/ca\/museu-picasso#primaryimage"},"image":{"@id":"http:\/\/www.egm.es\/ca\/museu-picasso#primaryimage"},"thumbnailUrl":"http:\/\/www.egm.es\/wp-content\/uploads\/2026\/04\/valerie-belin-03-\u00a9-olga-planas-1.jpg","datePublished":"2026-04-22T10:26:19+00:00","dateModified":"2026-04-22T11:26:02+00:00","author":{"@id":"https:\/\/www2.egm.es\/#\/schema\/person\/75ba985cea89a739839231dce8cceadc"},"description":"El Museu Picasso de Barcelona presenta la imatge com a enigma, una exposici\u00f3 dedicada a la fot\u00f2grafa Val\u00e9rie Belin, amb una selecci\u00f3 de 35 obres. La mostra, com fa el museu des de fa m\u00e9s d'una d\u00e8cada, convida l'artista a dialogar amb la seva col\u00b7lecci\u00f3 ia establir \"nous ponts\" entre el llegat de Picasso i la creaci\u00f3 actual.","breadcrumb":{"@id":"http:\/\/www.egm.es\/ca\/museu-picasso#breadcrumb"},"inLanguage":"ca","potentialAction":[{"@type":"ReadAction","target":["http:\/\/www.egm.es\/ca\/museu-picasso"]}]},{"@type":"ImageObject","inLanguage":"ca","@id":"http:\/\/www.egm.es\/ca\/museu-picasso#primaryimage","url":"http:\/\/www.egm.es\/wp-content\/uploads\/2026\/04\/valerie-belin-03-\u00a9-olga-planas-1.jpg","contentUrl":"http:\/\/www.egm.es\/wp-content\/uploads\/2026\/04\/valerie-belin-03-\u00a9-olga-planas-1.jpg","width":1500,"height":990},{"@type":"BreadcrumbList","@id":"http:\/\/www.egm.es\/ca\/museu-picasso#breadcrumb","itemListElement":[{"@type":"ListItem","position":1,"name":"Portada","item":"http:\/\/egm.es\/ca"},{"@type":"ListItem","position":2,"name":"MUSEU PICASSO"}]},{"@type":"WebSite","@id":"https:\/\/www2.egm.es\/#website","url":"https:\/\/www2.egm.es\/","name":"EGM","description":"Counicaci\u00f3n visual","potentialAction":[{"@type":"SearchAction","target":{"@type":"EntryPoint","urlTemplate":"https:\/\/www2.egm.es\/?s={search_term_string}"},"query-input":{"@type":"PropertyValueSpecification","valueRequired":true,"valueName":"search_term_string"}}],"inLanguage":"ca"},{"@type":"Person","@id":"https:\/\/www2.egm.es\/#\/schema\/person\/75ba985cea89a739839231dce8cceadc","name":"redes","image":{"@type":"ImageObject","inLanguage":"ca","@id":"https:\/\/secure.gravatar.com\/avatar\/1ad9711b88a73273660275785009561ed0621301b35d948432b8a104091e70e7?s=96&d=mm&r=g","url":"https:\/\/secure.gravatar.com\/avatar\/1ad9711b88a73273660275785009561ed0621301b35d948432b8a104091e70e7?s=96&d=mm&r=g","contentUrl":"https:\/\/secure.gravatar.com\/avatar\/1ad9711b88a73273660275785009561ed0621301b35d948432b8a104091e70e7?s=96&d=mm&r=g","caption":"redes"},"url":"http:\/\/www.egm.es\/ca\/author\/redes"}]}},"_links":{"self":[{"href":"http:\/\/www.egm.es\/ca\/wp-json\/wp\/v2\/posts\/43453","targetHints":{"allow":["GET"]}}],"collection":[{"href":"http:\/\/www.egm.es\/ca\/wp-json\/wp\/v2\/posts"}],"about":[{"href":"http:\/\/www.egm.es\/ca\/wp-json\/wp\/v2\/types\/post"}],"author":[{"embeddable":true,"href":"http:\/\/www.egm.es\/ca\/wp-json\/wp\/v2\/users\/3"}],"replies":[{"embeddable":true,"href":"http:\/\/www.egm.es\/ca\/wp-json\/wp\/v2\/comments?post=43453"}],"version-history":[{"count":1,"href":"http:\/\/www.egm.es\/ca\/wp-json\/wp\/v2\/posts\/43453\/revisions"}],"predecessor-version":[{"id":43454,"href":"http:\/\/www.egm.es\/ca\/wp-json\/wp\/v2\/posts\/43453\/revisions\/43454"}],"wp:featuredmedia":[{"embeddable":true,"href":"http:\/\/www.egm.es\/ca\/wp-json\/wp\/v2\/media\/43445"}],"wp:attachment":[{"href":"http:\/\/www.egm.es\/ca\/wp-json\/wp\/v2\/media?parent=43453"}],"wp:term":[{"taxonomy":"category","embeddable":true,"href":"http:\/\/www.egm.es\/ca\/wp-json\/wp\/v2\/categories?post=43453"},{"taxonomy":"post_tag","embeddable":true,"href":"http:\/\/www.egm.es\/ca\/wp-json\/wp\/v2\/tags?post=43453"}],"curies":[{"name":"wp","href":"https:\/\/api.w.org\/{rel}","templated":true}]}}